{"id":395,"date":"2021-11-16T07:42:20","date_gmt":"2021-11-16T07:42:20","guid":{"rendered":"https:\/\/www.janiceklaw.com\/blog\/what-memory-problems-occur-with-a-traumatic-brain-injury\/"},"modified":"2022-11-10T22:44:46","modified_gmt":"2022-11-10T22:44:46","slug":"que-problemas-de-memoria-ocurren-con-una-lesion-cerebral-traumatica","status":"publish","type":"post","link":"https:\/\/www.janiceklaw.com\/es\/blog\/what-memory-problems-occur-with-a-traumatic-brain-injury\/","title":{"rendered":"\u00bfQu\u00e9 problemas de memoria ocurren con una lesi\u00f3n cerebral traum\u00e1tica?"},"content":{"rendered":"<p>Durante un accidente automovil\u00edstico, hay varias formas de lesionarse la cabeza. A <a href=\"https:\/\/www.janiceklaw.com\/es\/abogado-de-lesiones-personales-de-san-antonio\/abogado-de-lesiones-cerebrales-traumaticas\/\">lesi\u00f3n cerebral traum\u00e1tica (LCT)<\/a> incluye cualquier lesi\u00f3n en la cabeza que pueda afectar la forma en que funciona su cerebro. Puede consistir en un traumatismo craneoencef\u00e1lico cerrado o un traumatismo penetrante. De acuerdo con la <a href=\"http:\/\/%22https\/\/msktc.org\/tbi\/factsheets\/Memory-And-Traumatic-Brain-Injury%22\" target=\"_blank\" rel=\"noreferrer noopener\">Centro de traducci\u00f3n del conocimiento de sistemas modelo<\/a>, los problemas de memoria pueden ocurrir en lesiones moderadas a graves.<\/p>\n\n\n\n<p>Si sufre una lesi\u00f3n cerebral traum\u00e1tica, puede afectar su perspectiva y su memoria a largo y corto plazo.<\/p>\n\n\n\n<h2 class=\"wp-block-heading\">C\u00f3mo afectan las TBI a la memoria prospectiva<\/h2>\n\n\n\n<p>La memoria prospectiva se refiere a su capacidad para recordar. Por ejemplo, si hace planes, necesita recordar esos planes el tiempo suficiente para llegar a buen t\u00e9rmino. Despu\u00e9s de una lesi\u00f3n cerebral traum\u00e1tica, es posible que le resulte dif\u00edcil asistir a las citas. Puede que seas una persona puntual pero te cueste recordar la hora de tu cita. Puede decirles a las personas que planea visitar y nunca presentarse.<\/p>\n\n\n\n<p>Puede perder la noci\u00f3n de fechas importantes, como vacaciones y cumplea\u00f1os. Cuando se trata de tomar medicamentos, es posible que tenga problemas para recordar a qu\u00e9 hora debe tomarlos.<\/p>\n\n\n\n<h2 class=\"wp-block-heading\">C\u00f3mo afectan las lesiones cerebrales traum\u00e1ticas a la memoria a corto y largo plazo<\/h2>\n\n\n\n<p>Cuando tiene una lesi\u00f3n cerebral traum\u00e1tica, puede dificultar el procesamiento y el aprendizaje de nueva informaci\u00f3n. Puede olvidar eventos recientes pero a\u00fan recordar el pasado. La mayor\u00eda de las personas con una lesi\u00f3n cerebral traum\u00e1tica todav\u00eda tienen intacta su memoria a largo plazo. Sin embargo, es posible que no puedan explicar lo que sucede d\u00eda tras d\u00eda.<\/p>\n\n\n\n<p>Una TBI tambi\u00e9n puede afectar su capacidad para realizar un seguimiento de sus pertenencias. Todos pierden sus llaves, billetera o tel\u00e9fono de vez en cuando. Despu\u00e9s de una lesi\u00f3n cerebral traum\u00e1tica, es posible que tenga m\u00e1s problemas para perder sus pertenencias. Asimismo, puede olvidar qu\u00e9 hora del d\u00eda es o qu\u00e9 hizo antes.<\/p>\n\n\n\n<p>Nuestro experimentado <a href=\"https:\/\/www.janiceklaw.com\/es\/abogado-de-lesiones-personales-de-san-antonio\/\">Abogados de lesiones personales en San Antonio<\/a> comprender lo dif\u00edcil que puede ser una lesi\u00f3n cerebral traum\u00e1tica y c\u00f3mo los problemas de memoria afectar\u00e1n su estilo de vida para siempre. Para una consulta gratuita, llame <a href=\"tel:2103664949\">210-366-4949<\/a>.<\/p>","protected":false},"excerpt":{"rendered":"<p>During a car accident, there are various ways to injure your head. A traumatic brain injury (TBI) includes any head injury that may affect the way your brain works. It can consist of blunt trauma to the head or penetrating trauma. According to the Model Systems Knowledge Translation Center, memory problems can occur in moderate [&hellip;]<\/p>\n","protected":false},"author":2,"featured_media":0,"comment_status":"closed","ping_status":"closed","sticky":false,"template":"","format":"standard","meta":{"footnotes":""},"categories":[35],"tags":[],"class_list":["post-395","post","type-post","status-publish","format-standard","hentry","category-injuries"],"yoast_head":"<!-- This site is optimized with the Yoast SEO plugin v27.2 - https:\/\/yoast.com\/product\/yoast-seo-wordpress\/ -->\n<title>What Memory Problems Occur with a Traumatic Brain Injury? | TBI<\/title>\n<meta name=\"description\" content=\"What memory problems can occur with a traumatic brain injury? Our catastrophic injury lawyers at Janicek Law explain common memory problems.\" \/>\n<meta name=\"robots\" content=\"index, follow, max-snippet:-1, max-image-preview:large, max-video-preview:-1\" \/>\n<link rel=\"canonical\" href=\"https:\/\/www.janiceklaw.com\/es\/blog\/que-problemas-de-memoria-ocurren-con-una-lesion-cerebral-traumatica\/\" \/>\n<meta property=\"og:locale\" content=\"es_MX\" \/>\n<meta property=\"og:type\" content=\"article\" \/>\n<meta property=\"og:title\" content=\"What Memory Problems Occur with a Traumatic Brain Injury? | TBI\" \/>\n<meta property=\"og:description\" content=\"What memory problems can occur with a traumatic brain injury? Our catastrophic injury lawyers at Janicek Law explain common memory problems.\" \/>\n<meta property=\"og:url\" content=\"https:\/\/www.janiceklaw.com\/es\/blog\/que-problemas-de-memoria-ocurren-con-una-lesion-cerebral-traumatica\/\" \/>\n<meta property=\"og:site_name\" content=\"Janicek Law\" \/>\n<meta property=\"article:publisher\" content=\"https:\/\/www.facebook.com\/JanicekLawFirm\/\" \/>\n<meta property=\"article:published_time\" content=\"2021-11-16T07:42:20+00:00\" \/>\n<meta property=\"article:modified_time\" content=\"2022-11-10T22:44:46+00:00\" \/>\n<meta property=\"og:image\" content=\"https:\/\/www.janiceklaw.com\/wp-content\/uploads\/2022\/01\/Beth-Janicek.jpg\" \/>\n\t<meta property=\"og:image:width\" content=\"600\" \/>\n\t<meta property=\"og:image:height\" content=\"809\" \/>\n\t<meta property=\"og:image:type\" content=\"image\/jpeg\" \/>\n<meta name=\"author\" content=\"Joey Bass\" \/>\n<meta name=\"twitter:card\" content=\"summary_large_image\" \/>\n<meta name=\"twitter:creator\" content=\"@janiceklawfirm\" \/>\n<meta name=\"twitter:site\" content=\"@janiceklawfirm\" \/>\n<meta name=\"twitter:label1\" content=\"Escrito por\" \/>\n\t<meta name=\"twitter:data1\" content=\"Joey Bass\" \/>\n\t<meta name=\"twitter:label2\" content=\"Tiempo de lectura\" \/>\n\t<meta name=\"twitter:data2\" content=\"2 minutos\" \/>\n<script type=\"application\/ld+json\" class=\"yoast-schema-graph\">{\"@context\":\"https:\/\/schema.org\",\"@graph\":[{\"@type\":\"Article\",\"@id\":\"https:\/\/www.janiceklaw.com\/blog\/what-memory-problems-occur-with-a-traumatic-brain-injury\/#article\",\"isPartOf\":{\"@id\":\"https:\/\/www.janiceklaw.com\/blog\/what-memory-problems-occur-with-a-traumatic-brain-injury\/\"},\"author\":{\"name\":\"Joey Bass\",\"@id\":\"https:\/\/www.janiceklaw.com\/#\/schema\/person\/dd3aa26522b61cc992eecb48dc2713c4\"},\"headline\":\"What Memory Problems Occur with a Traumatic Brain Injury?\",\"datePublished\":\"2021-11-16T07:42:20+00:00\",\"dateModified\":\"2022-11-10T22:44:46+00:00\",\"mainEntityOfPage\":{\"@id\":\"https:\/\/www.janiceklaw.com\/blog\/what-memory-problems-occur-with-a-traumatic-brain-injury\/\"},\"wordCount\":321,\"publisher\":{\"@id\":\"https:\/\/www.janiceklaw.com\/#organization\"},\"articleSection\":[\"Injuries\"],\"inLanguage\":\"es\"},{\"@type\":\"WebPage\",\"@id\":\"https:\/\/www.janiceklaw.com\/blog\/what-memory-problems-occur-with-a-traumatic-brain-injury\/\",\"url\":\"https:\/\/www.janiceklaw.com\/blog\/what-memory-problems-occur-with-a-traumatic-brain-injury\/\",\"name\":\"What Memory Problems Occur with a Traumatic Brain Injury? | TBI\",\"isPartOf\":{\"@id\":\"https:\/\/www.janiceklaw.com\/#website\"},\"datePublished\":\"2021-11-16T07:42:20+00:00\",\"dateModified\":\"2022-11-10T22:44:46+00:00\",\"description\":\"What memory problems can occur with a traumatic brain injury? Our catastrophic injury lawyers at Janicek Law explain common memory problems.\",\"breadcrumb\":{\"@id\":\"https:\/\/www.janiceklaw.com\/blog\/what-memory-problems-occur-with-a-traumatic-brain-injury\/#breadcrumb\"},\"inLanguage\":\"es\",\"potentialAction\":[{\"@type\":\"ReadAction\",\"target\":[\"https:\/\/www.janiceklaw.com\/blog\/what-memory-problems-occur-with-a-traumatic-brain-injury\/\"]}]},{\"@type\":\"BreadcrumbList\",\"@id\":\"https:\/\/www.janiceklaw.com\/blog\/what-memory-problems-occur-with-a-traumatic-brain-injury\/#breadcrumb\",\"itemListElement\":[{\"@type\":\"ListItem\",\"position\":1,\"name\":\"Home\",\"item\":\"https:\/\/www.janiceklaw.com\/\"},{\"@type\":\"ListItem\",\"position\":2,\"name\":\"What Memory Problems Occur with a Traumatic Brain Injury?\"}]},{\"@type\":\"WebSite\",\"@id\":\"https:\/\/www.janiceklaw.com\/#website\",\"url\":\"https:\/\/www.janiceklaw.com\/\",\"name\":\"Janicek Law\",\"description\":\"Dedicated To Helping Those Injured In Our Community Because We Care\",\"publisher\":{\"@id\":\"https:\/\/www.janiceklaw.com\/#organization\"},\"potentialAction\":[{\"@type\":\"SearchAction\",\"target\":{\"@type\":\"EntryPoint\",\"urlTemplate\":\"https:\/\/www.janiceklaw.com\/?s={search_term_string}\"},\"query-input\":{\"@type\":\"PropertyValueSpecification\",\"valueRequired\":true,\"valueName\":\"search_term_string\"}}],\"inLanguage\":\"es\"},{\"@type\":\"Organization\",\"@id\":\"https:\/\/www.janiceklaw.com\/#organization\",\"name\":\"Janicek Law\",\"url\":\"https:\/\/www.janiceklaw.com\/\",\"logo\":{\"@type\":\"ImageObject\",\"inLanguage\":\"es\",\"@id\":\"https:\/\/www.janiceklaw.com\/#\/schema\/logo\/image\/\",\"url\":\"https:\/\/www.janiceklaw.com\/wp-content\/uploads\/2022\/01\/favicon.png\",\"contentUrl\":\"https:\/\/www.janiceklaw.com\/wp-content\/uploads\/2022\/01\/favicon.png\",\"width\":69,\"height\":69,\"caption\":\"Janicek Law\"},\"image\":{\"@id\":\"https:\/\/www.janiceklaw.com\/#\/schema\/logo\/image\/\"},\"sameAs\":[\"https:\/\/www.facebook.com\/JanicekLawFirm\/\",\"https:\/\/x.com\/janiceklawfirm\",\"https:\/\/www.instagram.com\/janiceklaw\/\",\"https:\/\/www.linkedin.com\/company\/janicek-law-firm\/\"]},{\"@type\":\"Person\",\"@id\":\"https:\/\/www.janiceklaw.com\/#\/schema\/person\/dd3aa26522b61cc992eecb48dc2713c4\",\"name\":\"Joey Bass\",\"image\":{\"@type\":\"ImageObject\",\"inLanguage\":\"es\",\"@id\":\"https:\/\/secure.gravatar.com\/avatar\/a8c8216afbdc676a8c5df4d95c017465d48d75c64a8f78e72d1f6de05c05b536?s=96&d=mm&r=g\",\"url\":\"https:\/\/secure.gravatar.com\/avatar\/a8c8216afbdc676a8c5df4d95c017465d48d75c64a8f78e72d1f6de05c05b536?s=96&d=mm&r=g\",\"contentUrl\":\"https:\/\/secure.gravatar.com\/avatar\/a8c8216afbdc676a8c5df4d95c017465d48d75c64a8f78e72d1f6de05c05b536?s=96&d=mm&r=g\",\"caption\":\"Joey Bass\"}}]}<\/script>\n<!-- \/ Yoast SEO plugin. -->","yoast_head_json":{"title":"\u00bfQu\u00e9 problemas de memoria ocurren con una lesi\u00f3n cerebral traum\u00e1tica? | LCT","description":"\u00bfQu\u00e9 problemas de memoria pueden ocurrir con una lesi\u00f3n cerebral traum\u00e1tica? Nuestros abogados de lesiones catastr\u00f3ficas en Janicek Law explican problemas comunes de memoria.","robots":{"index":"index","follow":"follow","max-snippet":"max-snippet:-1","max-image-preview":"max-image-preview:large","max-video-preview":"max-video-preview:-1"},"canonical":"https:\/\/www.janiceklaw.com\/es\/blog\/que-problemas-de-memoria-ocurren-con-una-lesion-cerebral-traumatica\/","og_locale":"es_MX","og_type":"article","og_title":"What Memory Problems Occur with a Traumatic Brain Injury? | TBI","og_description":"What memory problems can occur with a traumatic brain injury? Our catastrophic injury lawyers at Janicek Law explain common memory problems.","og_url":"https:\/\/www.janiceklaw.com\/es\/blog\/que-problemas-de-memoria-ocurren-con-una-lesion-cerebral-traumatica\/","og_site_name":"Janicek Law","article_publisher":"https:\/\/www.facebook.com\/JanicekLawFirm\/","article_published_time":"2021-11-16T07:42:20+00:00","article_modified_time":"2022-11-10T22:44:46+00:00","og_image":[{"width":600,"height":809,"url":"https:\/\/www.janiceklaw.com\/wp-content\/uploads\/2022\/01\/Beth-Janicek.jpg","type":"image\/jpeg"}],"author":"Joey Bass","twitter_card":"summary_large_image","twitter_creator":"@janiceklawfirm","twitter_site":"@janiceklawfirm","twitter_misc":{"Escrito por":"Joey Bass","Tiempo de lectura":"2 minutos"},"schema":{"@context":"https:\/\/schema.org","@graph":[{"@type":"Article","@id":"https:\/\/www.janiceklaw.com\/blog\/what-memory-problems-occur-with-a-traumatic-brain-injury\/#article","isPartOf":{"@id":"https:\/\/www.janiceklaw.com\/blog\/what-memory-problems-occur-with-a-traumatic-brain-injury\/"},"author":{"name":"Joey Bass","@id":"https:\/\/www.janiceklaw.com\/#\/schema\/person\/dd3aa26522b61cc992eecb48dc2713c4"},"headline":"What Memory Problems Occur with a Traumatic Brain Injury?","datePublished":"2021-11-16T07:42:20+00:00","dateModified":"2022-11-10T22:44:46+00:00","mainEntityOfPage":{"@id":"https:\/\/www.janiceklaw.com\/blog\/what-memory-problems-occur-with-a-traumatic-brain-injury\/"},"wordCount":321,"publisher":{"@id":"https:\/\/www.janiceklaw.com\/#organization"},"articleSection":["Injuries"],"inLanguage":"es"},{"@type":"WebPage","@id":"https:\/\/www.janiceklaw.com\/blog\/what-memory-problems-occur-with-a-traumatic-brain-injury\/","url":"https:\/\/www.janiceklaw.com\/blog\/what-memory-problems-occur-with-a-traumatic-brain-injury\/","name":"\u00bfQu\u00e9 problemas de memoria ocurren con una lesi\u00f3n cerebral traum\u00e1tica? | LCT","isPartOf":{"@id":"https:\/\/www.janiceklaw.com\/#website"},"datePublished":"2021-11-16T07:42:20+00:00","dateModified":"2022-11-10T22:44:46+00:00","description":"\u00bfQu\u00e9 problemas de memoria pueden ocurrir con una lesi\u00f3n cerebral traum\u00e1tica? Nuestros abogados de lesiones catastr\u00f3ficas en Janicek Law explican problemas comunes de memoria.","breadcrumb":{"@id":"https:\/\/www.janiceklaw.com\/blog\/what-memory-problems-occur-with-a-traumatic-brain-injury\/#breadcrumb"},"inLanguage":"es","potentialAction":[{"@type":"ReadAction","target":["https:\/\/www.janiceklaw.com\/blog\/what-memory-problems-occur-with-a-traumatic-brain-injury\/"]}]},{"@type":"BreadcrumbList","@id":"https:\/\/www.janiceklaw.com\/blog\/what-memory-problems-occur-with-a-traumatic-brain-injury\/#breadcrumb","itemListElement":[{"@type":"ListItem","position":1,"name":"Home","item":"https:\/\/www.janiceklaw.com\/"},{"@type":"ListItem","position":2,"name":"What Memory Problems Occur with a Traumatic Brain Injury?"}]},{"@type":"WebSite","@id":"https:\/\/www.janiceklaw.com\/#website","url":"https:\/\/www.janiceklaw.com\/","name":"Ley de Janicek","description":"Dedicados a ayudar a los heridos en nuestra comunidad porque nos importa","publisher":{"@id":"https:\/\/www.janiceklaw.com\/#organization"},"potentialAction":[{"@type":"SearchAction","target":{"@type":"EntryPoint","urlTemplate":"https:\/\/www.janiceklaw.com\/?s={search_term_string}"},"query-input":{"@type":"PropertyValueSpecification","valueRequired":true,"valueName":"search_term_string"}}],"inLanguage":"es"},{"@type":"Organization","@id":"https:\/\/www.janiceklaw.com\/#organization","name":"Ley de Janicek","url":"https:\/\/www.janiceklaw.com\/","logo":{"@type":"ImageObject","inLanguage":"es","@id":"https:\/\/www.janiceklaw.com\/#\/schema\/logo\/image\/","url":"https:\/\/www.janiceklaw.com\/wp-content\/uploads\/2022\/01\/favicon.png","contentUrl":"https:\/\/www.janiceklaw.com\/wp-content\/uploads\/2022\/01\/favicon.png","width":69,"height":69,"caption":"Janicek Law"},"image":{"@id":"https:\/\/www.janiceklaw.com\/#\/schema\/logo\/image\/"},"sameAs":["https:\/\/www.facebook.com\/JanicekLawFirm\/","https:\/\/x.com\/janiceklawfirm","https:\/\/www.instagram.com\/janiceklaw\/","https:\/\/www.linkedin.com\/company\/janicek-law-firm\/"]},{"@type":"Person","@id":"https:\/\/www.janiceklaw.com\/#\/schema\/person\/dd3aa26522b61cc992eecb48dc2713c4","name":"joey bajo","image":{"@type":"ImageObject","inLanguage":"es","@id":"https:\/\/secure.gravatar.com\/avatar\/a8c8216afbdc676a8c5df4d95c017465d48d75c64a8f78e72d1f6de05c05b536?s=96&d=mm&r=g","url":"https:\/\/secure.gravatar.com\/avatar\/a8c8216afbdc676a8c5df4d95c017465d48d75c64a8f78e72d1f6de05c05b536?s=96&d=mm&r=g","contentUrl":"https:\/\/secure.gravatar.com\/avatar\/a8c8216afbdc676a8c5df4d95c017465d48d75c64a8f78e72d1f6de05c05b536?s=96&d=mm&r=g","caption":"Joey Bass"}}]}},"_links":{"self":[{"href":"https:\/\/www.janiceklaw.com\/es\/wp-json\/wp\/v2\/posts\/395","targetHints":{"allow":["GET"]}}],"collection":[{"href":"https:\/\/www.janiceklaw.com\/es\/wp-json\/wp\/v2\/posts"}],"about":[{"href":"https:\/\/www.janiceklaw.com\/es\/wp-json\/wp\/v2\/types\/post"}],"author":[{"embeddable":true,"href":"https:\/\/www.janiceklaw.com\/es\/wp-json\/wp\/v2\/users\/2"}],"replies":[{"embeddable":true,"href":"https:\/\/www.janiceklaw.com\/es\/wp-json\/wp\/v2\/comments?post=395"}],"version-history":[{"count":0,"href":"https:\/\/www.janiceklaw.com\/es\/wp-json\/wp\/v2\/posts\/395\/revisions"}],"wp:attachment":[{"href":"https:\/\/www.janiceklaw.com\/es\/wp-json\/wp\/v2\/media?parent=395"}],"wp:term":[{"taxonomy":"category","embeddable":true,"href":"https:\/\/www.janiceklaw.com\/es\/wp-json\/wp\/v2\/categories?post=395"},{"taxonomy":"post_tag","embeddable":true,"href":"https:\/\/www.janiceklaw.com\/es\/wp-json\/wp\/v2\/tags?post=395"}],"curies":[{"name":"Gracias","href":"https:\/\/api.w.org\/{rel}","templated":true}]}}