{"id":420,"date":"2021-06-08T14:27:21","date_gmt":"2021-06-08T14:27:21","guid":{"rendered":"https:\/\/www.janiceklaw.com\/blog\/fda-approves-controversial-alzheimers-drug\/"},"modified":"2022-11-10T23:18:15","modified_gmt":"2022-11-10T23:18:15","slug":"la-fda-aprueba-un-controvertido-farmaco-contra-el-alzheimer","status":"publish","type":"post","link":"https:\/\/www.janiceklaw.com\/es\/blog\/fda-approves-controversial-alzheimers-drug\/","title":{"rendered":"FDA aprueba pol\u00e9mico f\u00e1rmaco contra el Alzheimer"},"content":{"rendered":"<p>Cada uno tiene su umbral de riesgo y, obviamente, las circunstancias contribuir\u00e1n a la toma de decisiones. Las circunstancias que rodearon la aprobaci\u00f3n por parte de la Administraci\u00f3n de Alimentos y Medicamentos de Aducanumab fabricado por Biogen<a href=\"\/\/www.npr.org\/2021\/06\/07\/1003964235\/fda-approves-controversial-alzheimers-drug-aducanumab&quot;\" target=\"&quot;_blank&quot;\" rel=\"&quot;noopener noopener\"> hecho noticia nacional<\/a>. Es emocionante para muchos porque el f\u00e1rmaco es el primer f\u00e1rmaco nuevo para el Alzheimer aprobado por la FDA en casi 20 a\u00f1os.<\/p>\n<h2>C\u00f3mo funciona<\/h2>\n<p>Se supone que el f\u00e1rmaco ralentiza la progresi\u00f3n de la enfermedad de Alzheimer porque, seg\u00fan los informes, ha demostrado ser muy eficaz para reducir las placas llamadas beta-amiloide. Estas placas se acumulan en los cerebros de las personas con Alzheimer. Por lo general, esto ser\u00eda una gran noticia.<\/p>\n<h2>Algunos detalles preocupantes<\/h2>\n<p>Hay varias banderas rojas a tener en cuenta:<\/p>\n<ol>\n<li>Un panel de asesores expertos de la FDA recomend\u00f3 no aprobar el medicamento en noviembre de 2020.<\/li>\n<li>Dos grandes estudios ofrecieron resultados contradictorios con respecto a la eficacia del f\u00e1rmaco.<\/li>\n<li>La FDA exigi\u00f3 a Biogen que realizara un nuevo estudio para ver si reduce las placas, lo que luego lleva a una mejor\u00eda del paciente. Este estudio fue una condici\u00f3n para la aprobaci\u00f3n acelerada del f\u00e1rmaco por parte de la FDA.<\/li>\n<li>La aprobaci\u00f3n inestable de la FDA puede hacer que algunos eviten usar el medicamento, lo que limita el grupo de estudio. Por el contrario, es posible que algunos no quieran arriesgarse a recibir el placebo como parte del estudio y evitar el estudio.<\/li>\n<li>Podr\u00edan pasar varios a\u00f1os antes de que finalicen los ensayos cl\u00ednicos del medicamento.<\/li>\n<li>Un an\u00e1lisis independiente de un tercero tambi\u00e9n analiz\u00f3 los estudios y no encontr\u00f3 evidencia de que los beneficios del f\u00e1rmaco superaran el da\u00f1o.<\/li>\n<li>El controvertido tratamiento farmacol\u00f3gico cuesta $56,000 por a\u00f1o.<\/li>\n<\/ol>\n<h2>Los cr\u00edticos cuestionan el uso<\/h2>\n<p>Un doctor en medicina y \u00e9tica m\u00e9dica habl\u00f3 por algunos cuando <a href=\"\/\/www.statnews.com\/2021\/05\/30\/if-the-fda-approves-biogens-alzheimers-treatment-i-wont-prescribe-it\/&quot;\" target=\"&quot;_blank&quot;\" rel=\"&quot;noopener noopener\">critic\u00f3 la droga<\/a>, citando el costo, la falta de beneficios claros y los riesgos de sangrado en el cerebro causados por el tratamiento. Las familias de seres queridos con Alzheimer tambi\u00e9n deben tener cuidado con este medicamento. Seg\u00fan el impacto del medicamento en el paciente, es posible que las familias deban presentar una <a href=\"https:\/\/www.janiceklaw.com\/es\/abogado-de-lesiones-por-drogas-en-san-antonio\/\">demanda por lesiones por drogas.<\/a><\/p>","protected":false},"excerpt":{"rendered":"<p>Everyone has their risk threshold, and obviously, circumstances will contribute to the decision-making process. The circumstances surrounding the Food and Drug Administration\u2019s approval of Aducanumab manufactured by Biogen made national news. It is exciting to many because the drug is the first new Alzheimer\u2019s drug approved by the FDA in nearly 20 years. How it [&hellip;]<\/p>\n","protected":false},"author":2,"featured_media":0,"comment_status":"closed","ping_status":"closed","sticky":false,"template":"","format":"standard","meta":{"footnotes":""},"categories":[38],"tags":[],"class_list":["post-420","post","type-post","status-publish","format-standard","hentry","category-defective-medications"],"yoast_head":"<!-- This site is optimized with the Yoast SEO plugin v27.2 - https:\/\/yoast.com\/product\/yoast-seo-wordpress\/ -->\n<title>FDA approves controversial Alzheimer\u2019s drug | Janicek Law<\/title>\n<meta name=\"robots\" content=\"index, follow, max-snippet:-1, max-image-preview:large, max-video-preview:-1\" \/>\n<link rel=\"canonical\" href=\"https:\/\/www.janiceklaw.com\/es\/blog\/la-fda-aprueba-un-controvertido-farmaco-contra-el-alzheimer\/\" \/>\n<meta property=\"og:locale\" content=\"es_MX\" \/>\n<meta property=\"og:type\" content=\"article\" \/>\n<meta property=\"og:title\" content=\"FDA approves controversial Alzheimer\u2019s drug | Janicek Law\" \/>\n<meta property=\"og:description\" content=\"Everyone has their risk threshold, and obviously, circumstances will contribute to the decision-making process. The circumstances surrounding the Food and Drug Administration\u2019s approval of Aducanumab manufactured by Biogen made national news. It is exciting to many because the drug is the first new Alzheimer\u2019s drug approved by the FDA in nearly 20 years. How it [&hellip;]\" \/>\n<meta property=\"og:url\" content=\"https:\/\/www.janiceklaw.com\/es\/blog\/la-fda-aprueba-un-controvertido-farmaco-contra-el-alzheimer\/\" \/>\n<meta property=\"og:site_name\" content=\"Janicek Law\" \/>\n<meta property=\"article:publisher\" content=\"https:\/\/www.facebook.com\/JanicekLawFirm\/\" \/>\n<meta property=\"article:published_time\" content=\"2021-06-08T14:27:21+00:00\" \/>\n<meta property=\"article:modified_time\" content=\"2022-11-10T23:18:15+00:00\" \/>\n<meta property=\"og:image\" content=\"https:\/\/www.janiceklaw.com\/wp-content\/uploads\/2022\/01\/Beth-Janicek.jpg\" \/>\n\t<meta property=\"og:image:width\" content=\"600\" \/>\n\t<meta property=\"og:image:height\" content=\"809\" \/>\n\t<meta property=\"og:image:type\" content=\"image\/jpeg\" \/>\n<meta name=\"author\" content=\"Joey Bass\" \/>\n<meta name=\"twitter:card\" content=\"summary_large_image\" \/>\n<meta name=\"twitter:creator\" content=\"@janiceklawfirm\" \/>\n<meta name=\"twitter:site\" content=\"@janiceklawfirm\" \/>\n<meta name=\"twitter:label1\" content=\"Escrito por\" \/>\n\t<meta name=\"twitter:data1\" content=\"Joey Bass\" \/>\n\t<meta name=\"twitter:label2\" content=\"Tiempo de lectura\" \/>\n\t<meta name=\"twitter:data2\" content=\"2 minutos\" \/>\n<script type=\"application\/ld+json\" class=\"yoast-schema-graph\">{\"@context\":\"https:\/\/schema.org\",\"@graph\":[{\"@type\":\"Article\",\"@id\":\"https:\/\/www.janiceklaw.com\/blog\/fda-approves-controversial-alzheimers-drug\/#article\",\"isPartOf\":{\"@id\":\"https:\/\/www.janiceklaw.com\/blog\/fda-approves-controversial-alzheimers-drug\/\"},\"author\":{\"name\":\"Joey Bass\",\"@id\":\"https:\/\/www.janiceklaw.com\/#\/schema\/person\/dd3aa26522b61cc992eecb48dc2713c4\"},\"headline\":\"FDA approves controversial Alzheimer\u2019s drug\",\"datePublished\":\"2021-06-08T14:27:21+00:00\",\"dateModified\":\"2022-11-10T23:18:15+00:00\",\"mainEntityOfPage\":{\"@id\":\"https:\/\/www.janiceklaw.com\/blog\/fda-approves-controversial-alzheimers-drug\/\"},\"wordCount\":328,\"publisher\":{\"@id\":\"https:\/\/www.janiceklaw.com\/#organization\"},\"articleSection\":[\"Defective Medications\"],\"inLanguage\":\"es\"},{\"@type\":\"WebPage\",\"@id\":\"https:\/\/www.janiceklaw.com\/blog\/fda-approves-controversial-alzheimers-drug\/\",\"url\":\"https:\/\/www.janiceklaw.com\/blog\/fda-approves-controversial-alzheimers-drug\/\",\"name\":\"FDA approves controversial Alzheimer\u2019s drug | Janicek Law\",\"isPartOf\":{\"@id\":\"https:\/\/www.janiceklaw.com\/#website\"},\"datePublished\":\"2021-06-08T14:27:21+00:00\",\"dateModified\":\"2022-11-10T23:18:15+00:00\",\"breadcrumb\":{\"@id\":\"https:\/\/www.janiceklaw.com\/blog\/fda-approves-controversial-alzheimers-drug\/#breadcrumb\"},\"inLanguage\":\"es\",\"potentialAction\":[{\"@type\":\"ReadAction\",\"target\":[\"https:\/\/www.janiceklaw.com\/blog\/fda-approves-controversial-alzheimers-drug\/\"]}]},{\"@type\":\"BreadcrumbList\",\"@id\":\"https:\/\/www.janiceklaw.com\/blog\/fda-approves-controversial-alzheimers-drug\/#breadcrumb\",\"itemListElement\":[{\"@type\":\"ListItem\",\"position\":1,\"name\":\"Home\",\"item\":\"https:\/\/www.janiceklaw.com\/\"},{\"@type\":\"ListItem\",\"position\":2,\"name\":\"FDA approves controversial Alzheimer\u2019s drug\"}]},{\"@type\":\"WebSite\",\"@id\":\"https:\/\/www.janiceklaw.com\/#website\",\"url\":\"https:\/\/www.janiceklaw.com\/\",\"name\":\"Janicek Law\",\"description\":\"Dedicated To Helping Those Injured In Our Community Because We Care\",\"publisher\":{\"@id\":\"https:\/\/www.janiceklaw.com\/#organization\"},\"potentialAction\":[{\"@type\":\"SearchAction\",\"target\":{\"@type\":\"EntryPoint\",\"urlTemplate\":\"https:\/\/www.janiceklaw.com\/?s={search_term_string}\"},\"query-input\":{\"@type\":\"PropertyValueSpecification\",\"valueRequired\":true,\"valueName\":\"search_term_string\"}}],\"inLanguage\":\"es\"},{\"@type\":\"Organization\",\"@id\":\"https:\/\/www.janiceklaw.com\/#organization\",\"name\":\"Janicek Law\",\"url\":\"https:\/\/www.janiceklaw.com\/\",\"logo\":{\"@type\":\"ImageObject\",\"inLanguage\":\"es\",\"@id\":\"https:\/\/www.janiceklaw.com\/#\/schema\/logo\/image\/\",\"url\":\"https:\/\/www.janiceklaw.com\/wp-content\/uploads\/2022\/01\/favicon.png\",\"contentUrl\":\"https:\/\/www.janiceklaw.com\/wp-content\/uploads\/2022\/01\/favicon.png\",\"width\":69,\"height\":69,\"caption\":\"Janicek Law\"},\"image\":{\"@id\":\"https:\/\/www.janiceklaw.com\/#\/schema\/logo\/image\/\"},\"sameAs\":[\"https:\/\/www.facebook.com\/JanicekLawFirm\/\",\"https:\/\/x.com\/janiceklawfirm\",\"https:\/\/www.instagram.com\/janiceklaw\/\",\"https:\/\/www.linkedin.com\/company\/janicek-law-firm\/\"]},{\"@type\":\"Person\",\"@id\":\"https:\/\/www.janiceklaw.com\/#\/schema\/person\/dd3aa26522b61cc992eecb48dc2713c4\",\"name\":\"Joey Bass\",\"image\":{\"@type\":\"ImageObject\",\"inLanguage\":\"es\",\"@id\":\"https:\/\/secure.gravatar.com\/avatar\/a8c8216afbdc676a8c5df4d95c017465d48d75c64a8f78e72d1f6de05c05b536?s=96&d=mm&r=g\",\"url\":\"https:\/\/secure.gravatar.com\/avatar\/a8c8216afbdc676a8c5df4d95c017465d48d75c64a8f78e72d1f6de05c05b536?s=96&d=mm&r=g\",\"contentUrl\":\"https:\/\/secure.gravatar.com\/avatar\/a8c8216afbdc676a8c5df4d95c017465d48d75c64a8f78e72d1f6de05c05b536?s=96&d=mm&r=g\",\"caption\":\"Joey Bass\"}}]}<\/script>\n<!-- \/ Yoast SEO plugin. -->","yoast_head_json":{"title":"FDA aprueba pol\u00e9mico f\u00e1rmaco contra el Alzheimer | Ley de Janicek","robots":{"index":"index","follow":"follow","max-snippet":"max-snippet:-1","max-image-preview":"max-image-preview:large","max-video-preview":"max-video-preview:-1"},"canonical":"https:\/\/www.janiceklaw.com\/es\/blog\/la-fda-aprueba-un-controvertido-farmaco-contra-el-alzheimer\/","og_locale":"es_MX","og_type":"article","og_title":"FDA approves controversial Alzheimer\u2019s drug | Janicek Law","og_description":"Everyone has their risk threshold, and obviously, circumstances will contribute to the decision-making process. The circumstances surrounding the Food and Drug Administration\u2019s approval of Aducanumab manufactured by Biogen made national news. It is exciting to many because the drug is the first new Alzheimer\u2019s drug approved by the FDA in nearly 20 years. How it [&hellip;]","og_url":"https:\/\/www.janiceklaw.com\/es\/blog\/la-fda-aprueba-un-controvertido-farmaco-contra-el-alzheimer\/","og_site_name":"Janicek Law","article_publisher":"https:\/\/www.facebook.com\/JanicekLawFirm\/","article_published_time":"2021-06-08T14:27:21+00:00","article_modified_time":"2022-11-10T23:18:15+00:00","og_image":[{"width":600,"height":809,"url":"https:\/\/www.janiceklaw.com\/wp-content\/uploads\/2022\/01\/Beth-Janicek.jpg","type":"image\/jpeg"}],"author":"Joey Bass","twitter_card":"summary_large_image","twitter_creator":"@janiceklawfirm","twitter_site":"@janiceklawfirm","twitter_misc":{"Escrito por":"Joey Bass","Tiempo de lectura":"2 minutos"},"schema":{"@context":"https:\/\/schema.org","@graph":[{"@type":"Article","@id":"https:\/\/www.janiceklaw.com\/blog\/fda-approves-controversial-alzheimers-drug\/#article","isPartOf":{"@id":"https:\/\/www.janiceklaw.com\/blog\/fda-approves-controversial-alzheimers-drug\/"},"author":{"name":"Joey Bass","@id":"https:\/\/www.janiceklaw.com\/#\/schema\/person\/dd3aa26522b61cc992eecb48dc2713c4"},"headline":"FDA approves controversial Alzheimer\u2019s drug","datePublished":"2021-06-08T14:27:21+00:00","dateModified":"2022-11-10T23:18:15+00:00","mainEntityOfPage":{"@id":"https:\/\/www.janiceklaw.com\/blog\/fda-approves-controversial-alzheimers-drug\/"},"wordCount":328,"publisher":{"@id":"https:\/\/www.janiceklaw.com\/#organization"},"articleSection":["Defective Medications"],"inLanguage":"es"},{"@type":"WebPage","@id":"https:\/\/www.janiceklaw.com\/blog\/fda-approves-controversial-alzheimers-drug\/","url":"https:\/\/www.janiceklaw.com\/blog\/fda-approves-controversial-alzheimers-drug\/","name":"FDA aprueba pol\u00e9mico f\u00e1rmaco contra el Alzheimer | Ley de Janicek","isPartOf":{"@id":"https:\/\/www.janiceklaw.com\/#website"},"datePublished":"2021-06-08T14:27:21+00:00","dateModified":"2022-11-10T23:18:15+00:00","breadcrumb":{"@id":"https:\/\/www.janiceklaw.com\/blog\/fda-approves-controversial-alzheimers-drug\/#breadcrumb"},"inLanguage":"es","potentialAction":[{"@type":"ReadAction","target":["https:\/\/www.janiceklaw.com\/blog\/fda-approves-controversial-alzheimers-drug\/"]}]},{"@type":"BreadcrumbList","@id":"https:\/\/www.janiceklaw.com\/blog\/fda-approves-controversial-alzheimers-drug\/#breadcrumb","itemListElement":[{"@type":"ListItem","position":1,"name":"Home","item":"https:\/\/www.janiceklaw.com\/"},{"@type":"ListItem","position":2,"name":"FDA approves controversial Alzheimer\u2019s drug"}]},{"@type":"WebSite","@id":"https:\/\/www.janiceklaw.com\/#website","url":"https:\/\/www.janiceklaw.com\/","name":"Ley de Janicek","description":"Dedicados a ayudar a los heridos en nuestra comunidad porque nos importa","publisher":{"@id":"https:\/\/www.janiceklaw.com\/#organization"},"potentialAction":[{"@type":"SearchAction","target":{"@type":"EntryPoint","urlTemplate":"https:\/\/www.janiceklaw.com\/?s={search_term_string}"},"query-input":{"@type":"PropertyValueSpecification","valueRequired":true,"valueName":"search_term_string"}}],"inLanguage":"es"},{"@type":"Organization","@id":"https:\/\/www.janiceklaw.com\/#organization","name":"Ley de Janicek","url":"https:\/\/www.janiceklaw.com\/","logo":{"@type":"ImageObject","inLanguage":"es","@id":"https:\/\/www.janiceklaw.com\/#\/schema\/logo\/image\/","url":"https:\/\/www.janiceklaw.com\/wp-content\/uploads\/2022\/01\/favicon.png","contentUrl":"https:\/\/www.janiceklaw.com\/wp-content\/uploads\/2022\/01\/favicon.png","width":69,"height":69,"caption":"Janicek Law"},"image":{"@id":"https:\/\/www.janiceklaw.com\/#\/schema\/logo\/image\/"},"sameAs":["https:\/\/www.facebook.com\/JanicekLawFirm\/","https:\/\/x.com\/janiceklawfirm","https:\/\/www.instagram.com\/janiceklaw\/","https:\/\/www.linkedin.com\/company\/janicek-law-firm\/"]},{"@type":"Person","@id":"https:\/\/www.janiceklaw.com\/#\/schema\/person\/dd3aa26522b61cc992eecb48dc2713c4","name":"joey bajo","image":{"@type":"ImageObject","inLanguage":"es","@id":"https:\/\/secure.gravatar.com\/avatar\/a8c8216afbdc676a8c5df4d95c017465d48d75c64a8f78e72d1f6de05c05b536?s=96&d=mm&r=g","url":"https:\/\/secure.gravatar.com\/avatar\/a8c8216afbdc676a8c5df4d95c017465d48d75c64a8f78e72d1f6de05c05b536?s=96&d=mm&r=g","contentUrl":"https:\/\/secure.gravatar.com\/avatar\/a8c8216afbdc676a8c5df4d95c017465d48d75c64a8f78e72d1f6de05c05b536?s=96&d=mm&r=g","caption":"Joey Bass"}}]}},"_links":{"self":[{"href":"https:\/\/www.janiceklaw.com\/es\/wp-json\/wp\/v2\/posts\/420","targetHints":{"allow":["GET"]}}],"collection":[{"href":"https:\/\/www.janiceklaw.com\/es\/wp-json\/wp\/v2\/posts"}],"about":[{"href":"https:\/\/www.janiceklaw.com\/es\/wp-json\/wp\/v2\/types\/post"}],"author":[{"embeddable":true,"href":"https:\/\/www.janiceklaw.com\/es\/wp-json\/wp\/v2\/users\/2"}],"replies":[{"embeddable":true,"href":"https:\/\/www.janiceklaw.com\/es\/wp-json\/wp\/v2\/comments?post=420"}],"version-history":[{"count":0,"href":"https:\/\/www.janiceklaw.com\/es\/wp-json\/wp\/v2\/posts\/420\/revisions"}],"wp:attachment":[{"href":"https:\/\/www.janiceklaw.com\/es\/wp-json\/wp\/v2\/media?parent=420"}],"wp:term":[{"taxonomy":"category","embeddable":true,"href":"https:\/\/www.janiceklaw.com\/es\/wp-json\/wp\/v2\/categories?post=420"},{"taxonomy":"post_tag","embeddable":true,"href":"https:\/\/www.janiceklaw.com\/es\/wp-json\/wp\/v2\/tags?post=420"}],"curies":[{"name":"Gracias","href":"https:\/\/api.w.org\/{rel}","templated":true}]}}