{"id":460,"date":"2020-08-17T16:05:57","date_gmt":"2020-08-17T16:05:57","guid":{"rendered":"https:\/\/www.janiceklaw.com\/blog\/who-can-be-held-liable-after-a-noncommercial-aircraft-crashes\/"},"modified":"2022-04-06T16:53:38","modified_gmt":"2022-04-06T16:53:38","slug":"quien-puede-ser-considerado-responsable-tras-un-accidente-de-una-aeronave-no-comercial","status":"publish","type":"post","link":"https:\/\/www.janiceklaw.com\/es\/blog\/who-can-be-held-liable-after-a-noncommercial-aircraft-crashes\/","title":{"rendered":"\u00bfQui\u00e9n puede ser considerado responsable despu\u00e9s de accidentes de aeronaves no comerciales?"},"content":{"rendered":"<p>Cuando los grandes aviones comerciales se estrellan, a menudo es noticia en todo el mundo, en gran parte porque estos accidentes suelen terminar con m\u00faltiples muertes. Sin embargo, los accidentes de aeronaves peque\u00f1as no comerciales ocurren con mayor frecuencia. <\/p>\n\n\n\n<h2 class=\"wp-block-heading\">\u00bfQu\u00e9 son las aeronaves no comerciales?<\/h2>\n\n\n\n<p>Estos incluyen vuelos ch\u00e1rter, aviones tur\u00edsticos, helic\u00f3pteros, aviones privados propiedad de empresas o particulares y aviones de alquiler que los pilotos aficionados pueden tomar por unas horas o un par de d\u00edas.<\/p>\n\n\n\n<p>Los accidentes que involucran a estas aeronaves se consideran accidentes de aviaci\u00f3n general o de aeronaves civiles. Pueden ser causados por un error del piloto, equipo defectuoso, mantenimiento deficiente de la aeronave, errores del controlador de tr\u00e1fico, la aparici\u00f3n repentina de mal tiempo o alguna combinaci\u00f3n de estos u otros problemas.<\/p>\n\n\n\n<p>Si un ser querido result\u00f3 herido o muri\u00f3 en un accidente de aviaci\u00f3n general, es esencial llegar al fondo de la(s) causa(s). La Junta Nacional de Seguridad en el Transporte (NTSB) es la agencia federal que investiga los accidentes que involucran aeronaves civiles. Sus hallazgos a menudo pueden ayudar a determinar qu\u00e9 personas o entidades pueden y deben ser consideradas responsables por las v\u00edctimas y los familiares sobrevivientes.<\/p>\n\n\n\n<h2 class=\"wp-block-heading\">Presentaci\u00f3n de un reclamo por lesiones personales antes del informe de la NTSB<\/h2>\n\n\n\n<p>Sin embargo, no tiene que esperar hasta que la NTSB emita un informe final, lo que puede demorar muchos meses o m\u00e1s, para proceder con la acci\u00f3n legal. Por ejemplo,&nbsp;<a href=\"\/\/www.washingtonpost.com\/local\/trafficandcommuting\/vanessa-bryant-sues-helicopter-operator-in-crash-that-killed-kobe-bryant-and-8-others\/2020\/02\/24\/3afcc7a8-5751-11ea-ab68-101ecfec2532_story.html&quot;\" target=\"_blank\" rel=\"noopener\">La viuda de Kobe Bryant<\/a> present\u00f3 un <a href=\"https:\/\/www.janiceklaw.com\/es\/abogado-de-muerte-por-negligencia-en-san-antonio\/\">demanda por muerte injusta<\/a>&nbsp;solo un mes despu\u00e9s de que su esposo y su hija adolescente murieran en un accidente de helic\u00f3ptero en Los \u00c1ngeles que tambi\u00e9n mat\u00f3 a otras siete personas, incluido el piloto.<\/p>\n\n\n\n<p>Vanessa Bryant demand\u00f3 a la compa\u00f1\u00eda propietaria del helic\u00f3ptero que se estrell\u00f3 contra una ladera en una neblinosa ma\u00f1ana de domingo, consider\u00e1ndola &quot;responsable indirecta&quot; por el &quot;manejo negligente y descuidado&quot; del piloto.<\/p>\n\n\n\n<h2 class=\"wp-block-heading\">Abogado de lesiones de aeronaves no comerciales de San Antonio<\/h2>\n\n\n\n<p>Un abogado con experiencia puede ayudarlo a determinar si el piloto, el fabricante de la aeronave, el propietario u otros deben ser considerados responsables. Tambi\u00e9n pueden ayudarlo a determinar cu\u00e1nto buscar en compensaci\u00f3n por da\u00f1os econ\u00f3micos y <a href=\"https:\/\/www.janiceklaw.com\/es\/blog\/comprender-los-danos-no-economicos-en-texas\/\">da\u00f1os no econ\u00f3micos<\/a>.<\/p>\n\n\n\n<p>Para una consulta gratuita, llame<a href=\"tel: 2103664949\"> 210-366-4949<\/a>.<\/p>","protected":false},"excerpt":{"rendered":"<p>When large commercial airliners crash, it often makes news worldwide \u2014 largely because these crashes typically end with multiple fatalities. However, small, noncommercial aircraft crashes occur more often. What are Noncommercial Aircrafts? These include charter flights, tour planes, helicopters, private planes owned by companies or individuals, and rental planes that amateur pilots can take out [&hellip;]<\/p>\n","protected":false},"author":2,"featured_media":0,"comment_status":"closed","ping_status":"closed","sticky":false,"template":"","format":"standard","meta":{"footnotes":""},"categories":[35],"tags":[],"class_list":["post-460","post","type-post","status-publish","format-standard","hentry","category-injuries"],"yoast_head":"<!-- This site is optimized with the Yoast SEO plugin v27.5 - https:\/\/yoast.com\/product\/yoast-seo-wordpress\/ -->\n<title>Who Can be Held Liable After Noncommercial Aircraft Crashes in Texas?<\/title>\n<meta name=\"description\" content=\"Liability for Noncommercial Aircraft Crashes in Texas. Our Personal Injury Attorneys Explain Liability &amp; Damages for Aircraft Crash Victims.\" \/>\n<meta name=\"robots\" content=\"index, follow, max-snippet:-1, max-image-preview:large, max-video-preview:-1\" \/>\n<link rel=\"canonical\" href=\"https:\/\/www.janiceklaw.com\/es\/blog\/quien-puede-ser-considerado-responsable-tras-un-accidente-de-una-aeronave-no-comercial\/\" \/>\n<meta property=\"og:locale\" content=\"es_MX\" \/>\n<meta property=\"og:type\" content=\"article\" \/>\n<meta property=\"og:title\" content=\"Who Can be Held Liable After Noncommercial Aircraft Crashes in Texas?\" \/>\n<meta property=\"og:description\" content=\"Liability for Noncommercial Aircraft Crashes in Texas. Our Personal Injury Attorneys Explain Liability &amp; Damages for Aircraft Crash Victims.\" \/>\n<meta property=\"og:url\" content=\"https:\/\/www.janiceklaw.com\/es\/blog\/quien-puede-ser-considerado-responsable-tras-un-accidente-de-una-aeronave-no-comercial\/\" \/>\n<meta property=\"og:site_name\" content=\"Janicek Law\" \/>\n<meta property=\"article:publisher\" content=\"https:\/\/www.facebook.com\/JanicekLawFirm\/\" \/>\n<meta property=\"article:published_time\" content=\"2020-08-17T16:05:57+00:00\" \/>\n<meta property=\"article:modified_time\" content=\"2022-04-06T16:53:38+00:00\" \/>\n<meta property=\"og:image\" content=\"https:\/\/www.janiceklaw.com\/wp-content\/uploads\/2022\/01\/Beth-Janicek.jpg\" \/>\n\t<meta property=\"og:image:width\" content=\"600\" \/>\n\t<meta property=\"og:image:height\" content=\"809\" \/>\n\t<meta property=\"og:image:type\" content=\"image\/jpeg\" \/>\n<meta name=\"author\" content=\"Joey Bass\" \/>\n<meta name=\"twitter:card\" content=\"summary_large_image\" \/>\n<meta name=\"twitter:creator\" content=\"@janiceklawfirm\" \/>\n<meta name=\"twitter:site\" content=\"@janiceklawfirm\" \/>\n<meta name=\"twitter:label1\" content=\"Escrito por\" \/>\n\t<meta name=\"twitter:data1\" content=\"Joey Bass\" \/>\n\t<meta name=\"twitter:label2\" content=\"Tiempo de lectura\" \/>\n\t<meta name=\"twitter:data2\" content=\"2 minutos\" \/>\n<script type=\"application\/ld+json\" class=\"yoast-schema-graph\">{\"@context\":\"https:\\\/\\\/schema.org\",\"@graph\":[{\"@type\":\"Article\",\"@id\":\"https:\\\/\\\/www.janiceklaw.com\\\/blog\\\/who-can-be-held-liable-after-a-noncommercial-aircraft-crashes\\\/#article\",\"isPartOf\":{\"@id\":\"https:\\\/\\\/www.janiceklaw.com\\\/blog\\\/who-can-be-held-liable-after-a-noncommercial-aircraft-crashes\\\/\"},\"author\":{\"name\":\"Joey Bass\",\"@id\":\"https:\\\/\\\/www.janiceklaw.com\\\/#\\\/schema\\\/person\\\/dd3aa26522b61cc992eecb48dc2713c4\"},\"headline\":\"Who Can be Held Liable After Noncommercial Aircraft Crashes?\",\"datePublished\":\"2020-08-17T16:05:57+00:00\",\"dateModified\":\"2022-04-06T16:53:38+00:00\",\"mainEntityOfPage\":{\"@id\":\"https:\\\/\\\/www.janiceklaw.com\\\/blog\\\/who-can-be-held-liable-after-a-noncommercial-aircraft-crashes\\\/\"},\"wordCount\":334,\"publisher\":{\"@id\":\"https:\\\/\\\/www.janiceklaw.com\\\/#organization\"},\"articleSection\":[\"Injuries\"],\"inLanguage\":\"es\"},{\"@type\":\"WebPage\",\"@id\":\"https:\\\/\\\/www.janiceklaw.com\\\/blog\\\/who-can-be-held-liable-after-a-noncommercial-aircraft-crashes\\\/\",\"url\":\"https:\\\/\\\/www.janiceklaw.com\\\/blog\\\/who-can-be-held-liable-after-a-noncommercial-aircraft-crashes\\\/\",\"name\":\"Who Can be Held Liable After Noncommercial Aircraft Crashes in Texas?\",\"isPartOf\":{\"@id\":\"https:\\\/\\\/www.janiceklaw.com\\\/#website\"},\"datePublished\":\"2020-08-17T16:05:57+00:00\",\"dateModified\":\"2022-04-06T16:53:38+00:00\",\"description\":\"Liability for Noncommercial Aircraft Crashes in Texas. Our Personal Injury Attorneys Explain Liability & Damages for Aircraft Crash Victims.\",\"breadcrumb\":{\"@id\":\"https:\\\/\\\/www.janiceklaw.com\\\/blog\\\/who-can-be-held-liable-after-a-noncommercial-aircraft-crashes\\\/#breadcrumb\"},\"inLanguage\":\"es\",\"potentialAction\":[{\"@type\":\"ReadAction\",\"target\":[\"https:\\\/\\\/www.janiceklaw.com\\\/blog\\\/who-can-be-held-liable-after-a-noncommercial-aircraft-crashes\\\/\"]}]},{\"@type\":\"BreadcrumbList\",\"@id\":\"https:\\\/\\\/www.janiceklaw.com\\\/blog\\\/who-can-be-held-liable-after-a-noncommercial-aircraft-crashes\\\/#breadcrumb\",\"itemListElement\":[{\"@type\":\"ListItem\",\"position\":1,\"name\":\"Home\",\"item\":\"https:\\\/\\\/www.janiceklaw.com\\\/\"},{\"@type\":\"ListItem\",\"position\":2,\"name\":\"Who Can be Held Liable After Noncommercial Aircraft Crashes?\"}]},{\"@type\":\"WebSite\",\"@id\":\"https:\\\/\\\/www.janiceklaw.com\\\/#website\",\"url\":\"https:\\\/\\\/www.janiceklaw.com\\\/\",\"name\":\"Janicek Law\",\"description\":\"Dedicated To Helping Those Injured In Our Community Because We Care\",\"publisher\":{\"@id\":\"https:\\\/\\\/www.janiceklaw.com\\\/#organization\"},\"potentialAction\":[{\"@type\":\"SearchAction\",\"target\":{\"@type\":\"EntryPoint\",\"urlTemplate\":\"https:\\\/\\\/www.janiceklaw.com\\\/?s={search_term_string}\"},\"query-input\":{\"@type\":\"PropertyValueSpecification\",\"valueRequired\":true,\"valueName\":\"search_term_string\"}}],\"inLanguage\":\"es\"},{\"@type\":\"Organization\",\"@id\":\"https:\\\/\\\/www.janiceklaw.com\\\/#organization\",\"name\":\"Janicek Law\",\"url\":\"https:\\\/\\\/www.janiceklaw.com\\\/\",\"logo\":{\"@type\":\"ImageObject\",\"inLanguage\":\"es\",\"@id\":\"https:\\\/\\\/www.janiceklaw.com\\\/#\\\/schema\\\/logo\\\/image\\\/\",\"url\":\"https:\\\/\\\/www.janiceklaw.com\\\/wp-content\\\/uploads\\\/2022\\\/01\\\/favicon.png\",\"contentUrl\":\"https:\\\/\\\/www.janiceklaw.com\\\/wp-content\\\/uploads\\\/2022\\\/01\\\/favicon.png\",\"width\":69,\"height\":69,\"caption\":\"Janicek Law\"},\"image\":{\"@id\":\"https:\\\/\\\/www.janiceklaw.com\\\/#\\\/schema\\\/logo\\\/image\\\/\"},\"sameAs\":[\"https:\\\/\\\/www.facebook.com\\\/JanicekLawFirm\\\/\",\"https:\\\/\\\/x.com\\\/janiceklawfirm\",\"https:\\\/\\\/www.instagram.com\\\/janiceklaw\\\/\",\"https:\\\/\\\/www.linkedin.com\\\/company\\\/janicek-law-firm\\\/\"]},{\"@type\":\"Person\",\"@id\":\"https:\\\/\\\/www.janiceklaw.com\\\/#\\\/schema\\\/person\\\/dd3aa26522b61cc992eecb48dc2713c4\",\"name\":\"Joey Bass\",\"image\":{\"@type\":\"ImageObject\",\"inLanguage\":\"es\",\"@id\":\"https:\\\/\\\/secure.gravatar.com\\\/avatar\\\/a8c8216afbdc676a8c5df4d95c017465d48d75c64a8f78e72d1f6de05c05b536?s=96&d=mm&r=g\",\"url\":\"https:\\\/\\\/secure.gravatar.com\\\/avatar\\\/a8c8216afbdc676a8c5df4d95c017465d48d75c64a8f78e72d1f6de05c05b536?s=96&d=mm&r=g\",\"contentUrl\":\"https:\\\/\\\/secure.gravatar.com\\\/avatar\\\/a8c8216afbdc676a8c5df4d95c017465d48d75c64a8f78e72d1f6de05c05b536?s=96&d=mm&r=g\",\"caption\":\"Joey Bass\"}}]}<\/script>\n<!-- \/ Yoast SEO plugin. -->","yoast_head_json":{"title":"\u00bfQui\u00e9n puede ser considerado responsable despu\u00e9s de accidentes de aeronaves no comerciales en Texas?","description":"Responsabilidad por accidentes de aeronaves no comerciales en Texas. Nuestros abogados de lesiones personales explican la responsabilidad y los da\u00f1os para las v\u00edctimas de accidentes a\u00e9reos.","robots":{"index":"index","follow":"follow","max-snippet":"max-snippet:-1","max-image-preview":"max-image-preview:large","max-video-preview":"max-video-preview:-1"},"canonical":"https:\/\/www.janiceklaw.com\/es\/blog\/quien-puede-ser-considerado-responsable-tras-un-accidente-de-una-aeronave-no-comercial\/","og_locale":"es_MX","og_type":"article","og_title":"Who Can be Held Liable After Noncommercial Aircraft Crashes in Texas?","og_description":"Liability for Noncommercial Aircraft Crashes in Texas. Our Personal Injury Attorneys Explain Liability & Damages for Aircraft Crash Victims.","og_url":"https:\/\/www.janiceklaw.com\/es\/blog\/quien-puede-ser-considerado-responsable-tras-un-accidente-de-una-aeronave-no-comercial\/","og_site_name":"Janicek Law","article_publisher":"https:\/\/www.facebook.com\/JanicekLawFirm\/","article_published_time":"2020-08-17T16:05:57+00:00","article_modified_time":"2022-04-06T16:53:38+00:00","og_image":[{"width":600,"height":809,"url":"https:\/\/www.janiceklaw.com\/wp-content\/uploads\/2022\/01\/Beth-Janicek.jpg","type":"image\/jpeg"}],"author":"Joey Bass","twitter_card":"summary_large_image","twitter_creator":"@janiceklawfirm","twitter_site":"@janiceklawfirm","twitter_misc":{"Escrito por":"Joey Bass","Tiempo de lectura":"2 minutos"},"schema":{"@context":"https:\/\/schema.org","@graph":[{"@type":"Article","@id":"https:\/\/www.janiceklaw.com\/blog\/who-can-be-held-liable-after-a-noncommercial-aircraft-crashes\/#article","isPartOf":{"@id":"https:\/\/www.janiceklaw.com\/blog\/who-can-be-held-liable-after-a-noncommercial-aircraft-crashes\/"},"author":{"name":"Joey Bass","@id":"https:\/\/www.janiceklaw.com\/#\/schema\/person\/dd3aa26522b61cc992eecb48dc2713c4"},"headline":"Who Can be Held Liable After Noncommercial Aircraft Crashes?","datePublished":"2020-08-17T16:05:57+00:00","dateModified":"2022-04-06T16:53:38+00:00","mainEntityOfPage":{"@id":"https:\/\/www.janiceklaw.com\/blog\/who-can-be-held-liable-after-a-noncommercial-aircraft-crashes\/"},"wordCount":334,"publisher":{"@id":"https:\/\/www.janiceklaw.com\/#organization"},"articleSection":["Injuries"],"inLanguage":"es"},{"@type":"WebPage","@id":"https:\/\/www.janiceklaw.com\/blog\/who-can-be-held-liable-after-a-noncommercial-aircraft-crashes\/","url":"https:\/\/www.janiceklaw.com\/blog\/who-can-be-held-liable-after-a-noncommercial-aircraft-crashes\/","name":"\u00bfQui\u00e9n puede ser considerado responsable despu\u00e9s de accidentes de aeronaves no comerciales en Texas?","isPartOf":{"@id":"https:\/\/www.janiceklaw.com\/#website"},"datePublished":"2020-08-17T16:05:57+00:00","dateModified":"2022-04-06T16:53:38+00:00","description":"Responsabilidad por accidentes de aeronaves no comerciales en Texas. Nuestros abogados de lesiones personales explican la responsabilidad y los da\u00f1os para las v\u00edctimas de accidentes a\u00e9reos.","breadcrumb":{"@id":"https:\/\/www.janiceklaw.com\/blog\/who-can-be-held-liable-after-a-noncommercial-aircraft-crashes\/#breadcrumb"},"inLanguage":"es","potentialAction":[{"@type":"ReadAction","target":["https:\/\/www.janiceklaw.com\/blog\/who-can-be-held-liable-after-a-noncommercial-aircraft-crashes\/"]}]},{"@type":"BreadcrumbList","@id":"https:\/\/www.janiceklaw.com\/blog\/who-can-be-held-liable-after-a-noncommercial-aircraft-crashes\/#breadcrumb","itemListElement":[{"@type":"ListItem","position":1,"name":"Home","item":"https:\/\/www.janiceklaw.com\/"},{"@type":"ListItem","position":2,"name":"Who Can be Held Liable After Noncommercial Aircraft Crashes?"}]},{"@type":"WebSite","@id":"https:\/\/www.janiceklaw.com\/#website","url":"https:\/\/www.janiceklaw.com\/","name":"Ley de Janicek","description":"Dedicados a ayudar a los heridos en nuestra comunidad porque nos importa","publisher":{"@id":"https:\/\/www.janiceklaw.com\/#organization"},"potentialAction":[{"@type":"SearchAction","target":{"@type":"EntryPoint","urlTemplate":"https:\/\/www.janiceklaw.com\/?s={search_term_string}"},"query-input":{"@type":"PropertyValueSpecification","valueRequired":true,"valueName":"search_term_string"}}],"inLanguage":"es"},{"@type":"Organization","@id":"https:\/\/www.janiceklaw.com\/#organization","name":"Ley de Janicek","url":"https:\/\/www.janiceklaw.com\/","logo":{"@type":"ImageObject","inLanguage":"es","@id":"https:\/\/www.janiceklaw.com\/#\/schema\/logo\/image\/","url":"https:\/\/www.janiceklaw.com\/wp-content\/uploads\/2022\/01\/favicon.png","contentUrl":"https:\/\/www.janiceklaw.com\/wp-content\/uploads\/2022\/01\/favicon.png","width":69,"height":69,"caption":"Janicek Law"},"image":{"@id":"https:\/\/www.janiceklaw.com\/#\/schema\/logo\/image\/"},"sameAs":["https:\/\/www.facebook.com\/JanicekLawFirm\/","https:\/\/x.com\/janiceklawfirm","https:\/\/www.instagram.com\/janiceklaw\/","https:\/\/www.linkedin.com\/company\/janicek-law-firm\/"]},{"@type":"Person","@id":"https:\/\/www.janiceklaw.com\/#\/schema\/person\/dd3aa26522b61cc992eecb48dc2713c4","name":"joey bajo","image":{"@type":"ImageObject","inLanguage":"es","@id":"https:\/\/secure.gravatar.com\/avatar\/a8c8216afbdc676a8c5df4d95c017465d48d75c64a8f78e72d1f6de05c05b536?s=96&d=mm&r=g","url":"https:\/\/secure.gravatar.com\/avatar\/a8c8216afbdc676a8c5df4d95c017465d48d75c64a8f78e72d1f6de05c05b536?s=96&d=mm&r=g","contentUrl":"https:\/\/secure.gravatar.com\/avatar\/a8c8216afbdc676a8c5df4d95c017465d48d75c64a8f78e72d1f6de05c05b536?s=96&d=mm&r=g","caption":"Joey Bass"}}]}},"_links":{"self":[{"href":"https:\/\/www.janiceklaw.com\/es\/wp-json\/wp\/v2\/posts\/460","targetHints":{"allow":["GET"]}}],"collection":[{"href":"https:\/\/www.janiceklaw.com\/es\/wp-json\/wp\/v2\/posts"}],"about":[{"href":"https:\/\/www.janiceklaw.com\/es\/wp-json\/wp\/v2\/types\/post"}],"author":[{"embeddable":true,"href":"https:\/\/www.janiceklaw.com\/es\/wp-json\/wp\/v2\/users\/2"}],"replies":[{"embeddable":true,"href":"https:\/\/www.janiceklaw.com\/es\/wp-json\/wp\/v2\/comments?post=460"}],"version-history":[{"count":0,"href":"https:\/\/www.janiceklaw.com\/es\/wp-json\/wp\/v2\/posts\/460\/revisions"}],"wp:attachment":[{"href":"https:\/\/www.janiceklaw.com\/es\/wp-json\/wp\/v2\/media?parent=460"}],"wp:term":[{"taxonomy":"category","embeddable":true,"href":"https:\/\/www.janiceklaw.com\/es\/wp-json\/wp\/v2\/categories?post=460"},{"taxonomy":"post_tag","embeddable":true,"href":"https:\/\/www.janiceklaw.com\/es\/wp-json\/wp\/v2\/tags?post=460"}],"curies":[{"name":"Gracias","href":"https:\/\/api.w.org\/{rel}","templated":true}]}}