{"id":472,"date":"2020-06-17T11:51:12","date_gmt":"2020-06-17T11:51:12","guid":{"rendered":"https:\/\/www.janiceklaw.com\/blog\/familia-demanda-a-asilo-donde-se-registro-brote-de-covid-19\/"},"modified":"2023-09-14T19:51:17","modified_gmt":"2023-09-14T19:51:17","slug":"familia-demanda-a-asilo-donde-se-registro-brote-de-covid-19","status":"publish","type":"post","link":"https:\/\/www.janiceklaw.com\/es\/blog\/familia-demanda-a-asilo-donde-se-registro-brote-de-covid-19\/","title":{"rendered":"Familia demanda a asilo donde se origino de COVID-19"},"content":{"rendered":"<p>Un asilo de ancianos del sureste de San Antonio, donde se produjo un brote mortal de COVID-19, enfrenta una demanda por supuesta negligencia.<\/p>\n<p>Los familiares de Jos\u00e9 Vel\u00e1zquez, uno de los residentes del ancianato que muri\u00f3 tras contraer el virus, sometieron la demanda en contra del Southeast Nursing &amp; Rehabilitation Center, denunciado que \u00e9l no recibi\u00f3 los cuidados adecuados.<\/p>\n<p>Lea la entrevista con la abogada Jessica Rodriguez aqu\u00ed:<\/p>\n<p><a href=\"https:\/\/www.telemundosanantonio.com\/noticias\/local\/familia-demanda-a-asilo-donde-se-registro-brote-de-covid-19\/2062350\/\" target=\"_blank\" rel=\"noopener\">https:\/\/www.telemundosanantonio.com\/noticias\/local\/familia-demanda-a-asilo-donde-se-registro-brote-de-covid-19\/2062350\/<\/a><\/p>","protected":false},"excerpt":{"rendered":"<p>Un asilo de ancianos del sureste de San Antonio, donde se registr\u00f3 un brote mortal de COVID-19, enfrenta una demanda por supuesta negligencia. Los familiares de Jos\u00e9 Vel\u00e1zquez, uno de los residentes del ancianato que muri\u00f3 tras contraer el virus, sometieron la demanda en contra del Southeast Nursing &amp; Rehabilitation Center, denunciado que \u00e9l no [&hellip;]<\/p>\n","protected":false},"author":2,"featured_media":0,"comment_status":"closed","ping_status":"closed","sticky":false,"template":"","format":"standard","meta":{"footnotes":""},"categories":[37],"tags":[],"class_list":["post-472","post","type-post","status-publish","format-standard","hentry","category-abuso-en-asilos-de-ancianos"],"yoast_head":"<!-- This site is optimized with the Yoast SEO plugin v27.2 - https:\/\/yoast.com\/product\/yoast-seo-wordpress\/ -->\n<title>Familia demanda a asilo donde se registr\u00f3 brote de COVID-19 | Janicek Law<\/title>\n<meta name=\"robots\" content=\"index, follow, max-snippet:-1, max-image-preview:large, max-video-preview:-1\" \/>\n<link rel=\"canonical\" href=\"https:\/\/www.janiceklaw.com\/es\/blog\/familia-demanda-a-asilo-donde-se-registro-brote-de-covid-19\/\" \/>\n<meta property=\"og:locale\" content=\"es_MX\" \/>\n<meta property=\"og:type\" content=\"article\" \/>\n<meta property=\"og:title\" content=\"Familia demanda a asilo donde se registr\u00f3 brote de COVID-19 | Janicek Law\" \/>\n<meta property=\"og:description\" content=\"Un asilo de ancianos del sureste de San Antonio, donde se registr\u00f3 un brote mortal de COVID-19, enfrenta una demanda por supuesta negligencia. Los familiares de Jos\u00e9 Vel\u00e1zquez, uno de los residentes del ancianato que muri\u00f3 tras contraer el virus, sometieron la demanda en contra del Southeast Nursing &amp; Rehabilitation Center, denunciado que \u00e9l no [&hellip;]\" \/>\n<meta property=\"og:url\" content=\"https:\/\/www.janiceklaw.com\/es\/blog\/familia-demanda-a-asilo-donde-se-registro-brote-de-covid-19\/\" \/>\n<meta property=\"og:site_name\" content=\"Janicek Law\" \/>\n<meta property=\"article:publisher\" content=\"https:\/\/www.facebook.com\/JanicekLawFirm\/\" \/>\n<meta property=\"article:published_time\" content=\"2020-06-17T11:51:12+00:00\" \/>\n<meta property=\"article:modified_time\" content=\"2023-09-14T19:51:17+00:00\" \/>\n<meta property=\"og:image\" content=\"https:\/\/www.janiceklaw.com\/wp-content\/uploads\/2022\/01\/Beth-Janicek.jpg\" \/>\n\t<meta property=\"og:image:width\" content=\"600\" \/>\n\t<meta property=\"og:image:height\" content=\"809\" \/>\n\t<meta property=\"og:image:type\" content=\"image\/jpeg\" \/>\n<meta name=\"author\" content=\"Joey Bass\" \/>\n<meta name=\"twitter:card\" content=\"summary_large_image\" \/>\n<meta name=\"twitter:creator\" content=\"@janiceklawfirm\" \/>\n<meta name=\"twitter:site\" content=\"@janiceklawfirm\" \/>\n<meta name=\"twitter:label1\" content=\"Escrito por\" \/>\n\t<meta name=\"twitter:data1\" content=\"Joey Bass\" \/>\n<script type=\"application\/ld+json\" class=\"yoast-schema-graph\">{\"@context\":\"https:\/\/schema.org\",\"@graph\":[{\"@type\":\"Article\",\"@id\":\"https:\/\/www.janiceklaw.com\/blog\/familia-demanda-a-asilo-donde-se-registro-brote-de-covid-19\/#article\",\"isPartOf\":{\"@id\":\"https:\/\/www.janiceklaw.com\/blog\/familia-demanda-a-asilo-donde-se-registro-brote-de-covid-19\/\"},\"author\":{\"name\":\"Joey Bass\",\"@id\":\"https:\/\/www.janiceklaw.com\/#\/schema\/person\/dd3aa26522b61cc992eecb48dc2713c4\"},\"headline\":\"Familia demanda a asilo donde se registr\u00f3 brote de COVID-19\",\"datePublished\":\"2020-06-17T11:51:12+00:00\",\"dateModified\":\"2023-09-14T19:51:17+00:00\",\"mainEntityOfPage\":{\"@id\":\"https:\/\/www.janiceklaw.com\/blog\/familia-demanda-a-asilo-donde-se-registro-brote-de-covid-19\/\"},\"wordCount\":86,\"publisher\":{\"@id\":\"https:\/\/www.janiceklaw.com\/#organization\"},\"articleSection\":[\"Abuso en asilos de ancianos\"],\"inLanguage\":\"es\"},{\"@type\":\"WebPage\",\"@id\":\"https:\/\/www.janiceklaw.com\/blog\/familia-demanda-a-asilo-donde-se-registro-brote-de-covid-19\/\",\"url\":\"https:\/\/www.janiceklaw.com\/blog\/familia-demanda-a-asilo-donde-se-registro-brote-de-covid-19\/\",\"name\":\"Familia demanda a asilo donde se registr\u00f3 brote de COVID-19 | Janicek Law\",\"isPartOf\":{\"@id\":\"https:\/\/www.janiceklaw.com\/#website\"},\"datePublished\":\"2020-06-17T11:51:12+00:00\",\"dateModified\":\"2023-09-14T19:51:17+00:00\",\"breadcrumb\":{\"@id\":\"https:\/\/www.janiceklaw.com\/blog\/familia-demanda-a-asilo-donde-se-registro-brote-de-covid-19\/#breadcrumb\"},\"inLanguage\":\"es\",\"potentialAction\":[{\"@type\":\"ReadAction\",\"target\":[\"https:\/\/www.janiceklaw.com\/blog\/familia-demanda-a-asilo-donde-se-registro-brote-de-covid-19\/\"]}]},{\"@type\":\"BreadcrumbList\",\"@id\":\"https:\/\/www.janiceklaw.com\/blog\/familia-demanda-a-asilo-donde-se-registro-brote-de-covid-19\/#breadcrumb\",\"itemListElement\":[{\"@type\":\"ListItem\",\"position\":1,\"name\":\"Home\",\"item\":\"https:\/\/www.janiceklaw.com\/\"},{\"@type\":\"ListItem\",\"position\":2,\"name\":\"Familia demanda a asilo donde se registr\u00f3 brote de COVID-19\"}]},{\"@type\":\"WebSite\",\"@id\":\"https:\/\/www.janiceklaw.com\/#website\",\"url\":\"https:\/\/www.janiceklaw.com\/\",\"name\":\"Janicek Law\",\"description\":\"Dedicated To Helping Those Injured In Our Community Because We Care\",\"publisher\":{\"@id\":\"https:\/\/www.janiceklaw.com\/#organization\"},\"potentialAction\":[{\"@type\":\"SearchAction\",\"target\":{\"@type\":\"EntryPoint\",\"urlTemplate\":\"https:\/\/www.janiceklaw.com\/?s={search_term_string}\"},\"query-input\":{\"@type\":\"PropertyValueSpecification\",\"valueRequired\":true,\"valueName\":\"search_term_string\"}}],\"inLanguage\":\"es\"},{\"@type\":\"Organization\",\"@id\":\"https:\/\/www.janiceklaw.com\/#organization\",\"name\":\"Janicek Law\",\"url\":\"https:\/\/www.janiceklaw.com\/\",\"logo\":{\"@type\":\"ImageObject\",\"inLanguage\":\"es\",\"@id\":\"https:\/\/www.janiceklaw.com\/#\/schema\/logo\/image\/\",\"url\":\"https:\/\/www.janiceklaw.com\/wp-content\/uploads\/2022\/01\/favicon.png\",\"contentUrl\":\"https:\/\/www.janiceklaw.com\/wp-content\/uploads\/2022\/01\/favicon.png\",\"width\":69,\"height\":69,\"caption\":\"Janicek Law\"},\"image\":{\"@id\":\"https:\/\/www.janiceklaw.com\/#\/schema\/logo\/image\/\"},\"sameAs\":[\"https:\/\/www.facebook.com\/JanicekLawFirm\/\",\"https:\/\/x.com\/janiceklawfirm\",\"https:\/\/www.instagram.com\/janiceklaw\/\",\"https:\/\/www.linkedin.com\/company\/janicek-law-firm\/\"]},{\"@type\":\"Person\",\"@id\":\"https:\/\/www.janiceklaw.com\/#\/schema\/person\/dd3aa26522b61cc992eecb48dc2713c4\",\"name\":\"Joey Bass\",\"image\":{\"@type\":\"ImageObject\",\"inLanguage\":\"es\",\"@id\":\"https:\/\/secure.gravatar.com\/avatar\/a8c8216afbdc676a8c5df4d95c017465d48d75c64a8f78e72d1f6de05c05b536?s=96&d=mm&r=g\",\"url\":\"https:\/\/secure.gravatar.com\/avatar\/a8c8216afbdc676a8c5df4d95c017465d48d75c64a8f78e72d1f6de05c05b536?s=96&d=mm&r=g\",\"contentUrl\":\"https:\/\/secure.gravatar.com\/avatar\/a8c8216afbdc676a8c5df4d95c017465d48d75c64a8f78e72d1f6de05c05b536?s=96&d=mm&r=g\",\"caption\":\"Joey Bass\"}}]}<\/script>\n<!-- \/ Yoast SEO plugin. -->","yoast_head_json":{"title":"Familia demanda a asilo donde se origino de COVID-19 | Ley de Janicek","robots":{"index":"index","follow":"follow","max-snippet":"max-snippet:-1","max-image-preview":"max-image-preview:large","max-video-preview":"max-video-preview:-1"},"canonical":"https:\/\/www.janiceklaw.com\/es\/blog\/familia-demanda-a-asilo-donde-se-registro-brote-de-covid-19\/","og_locale":"es_MX","og_type":"article","og_title":"Familia demanda a asilo donde se registr\u00f3 brote de COVID-19 | Janicek Law","og_description":"Un asilo de ancianos del sureste de San Antonio, donde se registr\u00f3 un brote mortal de COVID-19, enfrenta una demanda por supuesta negligencia. Los familiares de Jos\u00e9 Vel\u00e1zquez, uno de los residentes del ancianato que muri\u00f3 tras contraer el virus, sometieron la demanda en contra del Southeast Nursing &amp; Rehabilitation Center, denunciado que \u00e9l no [&hellip;]","og_url":"https:\/\/www.janiceklaw.com\/es\/blog\/familia-demanda-a-asilo-donde-se-registro-brote-de-covid-19\/","og_site_name":"Janicek Law","article_publisher":"https:\/\/www.facebook.com\/JanicekLawFirm\/","article_published_time":"2020-06-17T11:51:12+00:00","article_modified_time":"2023-09-14T19:51:17+00:00","og_image":[{"width":600,"height":809,"url":"https:\/\/www.janiceklaw.com\/wp-content\/uploads\/2022\/01\/Beth-Janicek.jpg","type":"image\/jpeg"}],"author":"Joey Bass","twitter_card":"summary_large_image","twitter_creator":"@janiceklawfirm","twitter_site":"@janiceklawfirm","twitter_misc":{"Escrito por":"Joey Bass"},"schema":{"@context":"https:\/\/schema.org","@graph":[{"@type":"Article","@id":"https:\/\/www.janiceklaw.com\/blog\/familia-demanda-a-asilo-donde-se-registro-brote-de-covid-19\/#article","isPartOf":{"@id":"https:\/\/www.janiceklaw.com\/blog\/familia-demanda-a-asilo-donde-se-registro-brote-de-covid-19\/"},"author":{"name":"Joey Bass","@id":"https:\/\/www.janiceklaw.com\/#\/schema\/person\/dd3aa26522b61cc992eecb48dc2713c4"},"headline":"Familia demanda a asilo donde se registr\u00f3 brote de COVID-19","datePublished":"2020-06-17T11:51:12+00:00","dateModified":"2023-09-14T19:51:17+00:00","mainEntityOfPage":{"@id":"https:\/\/www.janiceklaw.com\/blog\/familia-demanda-a-asilo-donde-se-registro-brote-de-covid-19\/"},"wordCount":86,"publisher":{"@id":"https:\/\/www.janiceklaw.com\/#organization"},"articleSection":["Abuso en asilos de ancianos"],"inLanguage":"es"},{"@type":"WebPage","@id":"https:\/\/www.janiceklaw.com\/blog\/familia-demanda-a-asilo-donde-se-registro-brote-de-covid-19\/","url":"https:\/\/www.janiceklaw.com\/blog\/familia-demanda-a-asilo-donde-se-registro-brote-de-covid-19\/","name":"Familia demanda a asilo donde se origino de COVID-19 | Ley de Janicek","isPartOf":{"@id":"https:\/\/www.janiceklaw.com\/#website"},"datePublished":"2020-06-17T11:51:12+00:00","dateModified":"2023-09-14T19:51:17+00:00","breadcrumb":{"@id":"https:\/\/www.janiceklaw.com\/blog\/familia-demanda-a-asilo-donde-se-registro-brote-de-covid-19\/#breadcrumb"},"inLanguage":"es","potentialAction":[{"@type":"ReadAction","target":["https:\/\/www.janiceklaw.com\/blog\/familia-demanda-a-asilo-donde-se-registro-brote-de-covid-19\/"]}]},{"@type":"BreadcrumbList","@id":"https:\/\/www.janiceklaw.com\/blog\/familia-demanda-a-asilo-donde-se-registro-brote-de-covid-19\/#breadcrumb","itemListElement":[{"@type":"ListItem","position":1,"name":"Home","item":"https:\/\/www.janiceklaw.com\/"},{"@type":"ListItem","position":2,"name":"Familia demanda a asilo donde se registr\u00f3 brote de COVID-19"}]},{"@type":"WebSite","@id":"https:\/\/www.janiceklaw.com\/#website","url":"https:\/\/www.janiceklaw.com\/","name":"Ley de Janicek","description":"Dedicados a ayudar a los heridos en nuestra comunidad porque nos importa","publisher":{"@id":"https:\/\/www.janiceklaw.com\/#organization"},"potentialAction":[{"@type":"SearchAction","target":{"@type":"EntryPoint","urlTemplate":"https:\/\/www.janiceklaw.com\/?s={search_term_string}"},"query-input":{"@type":"PropertyValueSpecification","valueRequired":true,"valueName":"search_term_string"}}],"inLanguage":"es"},{"@type":"Organization","@id":"https:\/\/www.janiceklaw.com\/#organization","name":"Ley de Janicek","url":"https:\/\/www.janiceklaw.com\/","logo":{"@type":"ImageObject","inLanguage":"es","@id":"https:\/\/www.janiceklaw.com\/#\/schema\/logo\/image\/","url":"https:\/\/www.janiceklaw.com\/wp-content\/uploads\/2022\/01\/favicon.png","contentUrl":"https:\/\/www.janiceklaw.com\/wp-content\/uploads\/2022\/01\/favicon.png","width":69,"height":69,"caption":"Janicek Law"},"image":{"@id":"https:\/\/www.janiceklaw.com\/#\/schema\/logo\/image\/"},"sameAs":["https:\/\/www.facebook.com\/JanicekLawFirm\/","https:\/\/x.com\/janiceklawfirm","https:\/\/www.instagram.com\/janiceklaw\/","https:\/\/www.linkedin.com\/company\/janicek-law-firm\/"]},{"@type":"Person","@id":"https:\/\/www.janiceklaw.com\/#\/schema\/person\/dd3aa26522b61cc992eecb48dc2713c4","name":"joey bajo","image":{"@type":"ImageObject","inLanguage":"es","@id":"https:\/\/secure.gravatar.com\/avatar\/a8c8216afbdc676a8c5df4d95c017465d48d75c64a8f78e72d1f6de05c05b536?s=96&d=mm&r=g","url":"https:\/\/secure.gravatar.com\/avatar\/a8c8216afbdc676a8c5df4d95c017465d48d75c64a8f78e72d1f6de05c05b536?s=96&d=mm&r=g","contentUrl":"https:\/\/secure.gravatar.com\/avatar\/a8c8216afbdc676a8c5df4d95c017465d48d75c64a8f78e72d1f6de05c05b536?s=96&d=mm&r=g","caption":"Joey Bass"}}]}},"_links":{"self":[{"href":"https:\/\/www.janiceklaw.com\/es\/wp-json\/wp\/v2\/posts\/472","targetHints":{"allow":["GET"]}}],"collection":[{"href":"https:\/\/www.janiceklaw.com\/es\/wp-json\/wp\/v2\/posts"}],"about":[{"href":"https:\/\/www.janiceklaw.com\/es\/wp-json\/wp\/v2\/types\/post"}],"author":[{"embeddable":true,"href":"https:\/\/www.janiceklaw.com\/es\/wp-json\/wp\/v2\/users\/2"}],"replies":[{"embeddable":true,"href":"https:\/\/www.janiceklaw.com\/es\/wp-json\/wp\/v2\/comments?post=472"}],"version-history":[{"count":0,"href":"https:\/\/www.janiceklaw.com\/es\/wp-json\/wp\/v2\/posts\/472\/revisions"}],"wp:attachment":[{"href":"https:\/\/www.janiceklaw.com\/es\/wp-json\/wp\/v2\/media?parent=472"}],"wp:term":[{"taxonomy":"category","embeddable":true,"href":"https:\/\/www.janiceklaw.com\/es\/wp-json\/wp\/v2\/categories?post=472"},{"taxonomy":"post_tag","embeddable":true,"href":"https:\/\/www.janiceklaw.com\/es\/wp-json\/wp\/v2\/tags?post=472"}],"curies":[{"name":"Gracias","href":"https:\/\/api.w.org\/{rel}","templated":true}]}}